{"id":6,"date":"2019-11-10T17:55:07","date_gmt":"2019-11-10T17:55:07","guid":{"rendered":"http:\/\/ceiplosmillares.es\/paz\/?p=6"},"modified":"2019-11-10T17:56:02","modified_gmt":"2019-11-10T17:56:02","slug":"ya-hemos-comenzado-las-sesiones-de-yoga","status":"publish","type":"post","link":"http:\/\/ceiplosmillares.es\/paz\/2019\/11\/10\/ya-hemos-comenzado-las-sesiones-de-yoga\/","title":{"rendered":"YA HEMOS COMENZADO LAS SESIONES DE YOGA"},"content":{"rendered":"<p><a href=\"http:\/\/ceiplosmillares.es\/paz\/wp-content\/uploads\/sites\/5\/2019\/11\/DSC_0462.jpg\"><img loading=\"lazy\" decoding=\"async\" class=\"size-medium wp-image-8\" src=\"http:\/\/ceiplosmillares.es\/paz\/wp-content\/uploads\/sites\/5\/2019\/11\/DSC_0462-300x169.jpg\" alt=\"\" width=\"300\" height=\"169\" srcset=\"http:\/\/ceiplosmillares.es\/paz\/wp-content\/uploads\/sites\/5\/2019\/11\/DSC_0462-300x169.jpg 300w, http:\/\/ceiplosmillares.es\/paz\/wp-content\/uploads\/sites\/5\/2019\/11\/DSC_0462-768x432.jpg 768w, http:\/\/ceiplosmillares.es\/paz\/wp-content\/uploads\/sites\/5\/2019\/11\/DSC_0462-250x141.jpg 250w, http:\/\/ceiplosmillares.es\/paz\/wp-content\/uploads\/sites\/5\/2019\/11\/DSC_0462.jpg 800w\" sizes=\"auto, (max-width: 300px) 100vw, 300px\" \/><\/a><\/p>\n<p>Las sesiones de yoga durante los recreos comenzaron el pasado martes, 5 de noviembre. Esta actividad, dirigida por la maestra Alba Gonz\u00e1lez-Rom\u00e1n, forma parte del proyecto intercentros \u00abEscuela: espacio de paz\u00bb y pretende\u00a0 ofrecer al alumnado una alternativa a los recreos tradicionales.<br \/>\nSon muchos los ni\u00f1os y ni\u00f1as que se han inscrito en el programa y que van a tener la oportunidad de disfrutar de una actividad diferente. Desgraciadamente solo se puede trabajar con peque\u00f1os grupos. Por eso se va a desarrollar durante tres d\u00edas a la semana. Los martes estar\u00e1n dedicados a primer ciclo, los mi\u00e9rcoles son para el segundo ciclo y los jueves para el tercero. Durante esos d\u00edas todos los inscritos e inscritas ir\u00e1n pasando alternativamente por el aula de Alba para estar con ella durante media hora relaj\u00e1ndose y pas\u00e1ndoselo muy bien.<\/p>\n","protected":false},"excerpt":{"rendered":"<p>Las sesiones de yoga durante los recreos comenzaron el pasado martes, 5 de noviembre. Esta actividad, dirigida por la maestra Alba Gonz\u00e1lez-Rom\u00e1n, forma parte del proyecto intercentros \u00abEscuela: espacio de paz\u00bb y pretende\u00a0 ofrecer al alumnado una alternativa a los recreos tradicionales. Son muchos los ni\u00f1os y ni\u00f1as que se han inscrito en el programa [&hellip;]<\/p>\n","protected":false},"author":18,"featured_media":7,"comment_status":"open","ping_status":"open","sticky":false,"template":"","format":"standard","meta":{"footnotes":""},"categories":[1],"tags":[],"class_list":["post-6","post","type-post","status-publish","format-standard","has-post-thumbnail","hentry","category-sin-categoria"],"_links":{"self":[{"href":"http:\/\/ceiplosmillares.es\/paz\/wp-json\/wp\/v2\/posts\/6","targetHints":{"allow":["GET"]}}],"collection":[{"href":"http:\/\/ceiplosmillares.es\/paz\/wp-json\/wp\/v2\/posts"}],"about":[{"href":"http:\/\/ceiplosmillares.es\/paz\/wp-json\/wp\/v2\/types\/post"}],"author":[{"embeddable":true,"href":"http:\/\/ceiplosmillares.es\/paz\/wp-json\/wp\/v2\/users\/18"}],"replies":[{"embeddable":true,"href":"http:\/\/ceiplosmillares.es\/paz\/wp-json\/wp\/v2\/comments?post=6"}],"version-history":[{"count":1,"href":"http:\/\/ceiplosmillares.es\/paz\/wp-json\/wp\/v2\/posts\/6\/revisions"}],"predecessor-version":[{"id":10,"href":"http:\/\/ceiplosmillares.es\/paz\/wp-json\/wp\/v2\/posts\/6\/revisions\/10"}],"wp:featuredmedia":[{"embeddable":true,"href":"http:\/\/ceiplosmillares.es\/paz\/wp-json\/wp\/v2\/media\/7"}],"wp:attachment":[{"href":"http:\/\/ceiplosmillares.es\/paz\/wp-json\/wp\/v2\/media?parent=6"}],"wp:term":[{"taxonomy":"category","embeddable":true,"href":"http:\/\/ceiplosmillares.es\/paz\/wp-json\/wp\/v2\/categories?post=6"},{"taxonomy":"post_tag","embeddable":true,"href":"http:\/\/ceiplosmillares.es\/paz\/wp-json\/wp\/v2\/tags?post=6"}],"curies":[{"name":"wp","href":"https:\/\/api.w.org\/{rel}","templated":true}]}}